{"id":868,"date":"2018-02-02T13:18:19","date_gmt":"2018-02-02T19:18:19","guid":{"rendered":"http:\/\/www.estebanmora.com\/?p=868"},"modified":"2021-02-28T09:42:35","modified_gmt":"2021-02-28T15:42:35","slug":"campana_tour_francia","status":"publish","type":"post","link":"https:\/\/www.estebanmora.com\/index.php\/2018\/02\/02\/campana_tour_francia\/","title":{"rendered":"Entre la campa\u00f1a pol\u00edtica y el Tour de Francia"},"content":{"rendered":"\n<p>Expliquemos lo que ha sucedido con la campa\u00f1a electoral 2018 en Costa Rica como si fuera el Tour de Francia, una de mis analog\u00edas favoritas.<\/p>\n\n\n\n<p>Todos los a\u00f1os llegan al Tour 22 equipos pero no todos en igualdad de condiciones. Distintas caracter\u00edsticas, entre ellas el presupuesto, definen las expectativas de cada uno. Unos se preparan para ganar la general, otros lo hacen para ganar etapas, y los restantes tratan de hacer un papel decoroso para justificar su patrocinio y, tal vez, conseguir que los inviten el a\u00f1o siguiente.<\/p>\n\n\n\n<p>Los equipos que tienen un claro objetivo se paparan para alcanzarlo. Conocen cada etapa, saben d\u00f3nde pueden atacar y d\u00f3nde son m\u00e1s vulnerables. Inclusive los vemos perder segundos en una etapa porque saben que los pueden recuperar m\u00e1s adelante en una que se ajuste m\u00e1s a sus caracter\u00edsticas.<\/p>\n\n\n\n<!--more-->\n\n\n\n<p>Durante meses preparan el rol que tendr\u00e1 cada uno de los ciclistas y es por eso que en las etapas importantes vemos a los mismos hombres tratando de escaparse uno del otro. No es coincidencia, todo est\u00e1 planeado.<\/p>\n\n\n\n<p>Bajo situaciones normales la carrera transcurrir\u00e1 tal y como fue pensada, pero de vez en cuando hay imprevistos que cambian no solo el curso de una etapa, sino el de todo un Tour.<\/p>\n\n\n\n<h3 class=\"wp-block-heading\">Hombre en fuga<\/h3>\n\n\n\n<p>Aunque ya casi no se ven en el ciclismo profesional, ocasionalmente aparecen las&nbsp;<em>fugas de bidones<\/em>. En casi todas las etapas un ciclista, o un grupo de ellos, emprende una aventura con la esperanza de llegar en solitario a l\u00ednea de meta y ganar. Pero en raras ocasiones esa fuga abre tanto hueco entre el corredor y el pelot\u00f3n que lo persigue que \u00e9ste termina como l\u00edder general.<\/p>\n\n\n\n<p>Usualmente los equipos importantes tratan de mantener la carrera bajo control, pero puede darse el caso de que dejen la responsabilidad en otros equipos que nunca la llegan a tomar y la fuga prospera. El Tour del 2006 se defini\u00f3 de esa manera.<\/p>\n\n\n\n<p>En la etapa 13 varios ciclistas, entre ellos el espa\u00f1ol Oscar Pereiro, abrieron un hueco de casi 30 minutos que lo coloc\u00f3 como l\u00edder de la general. Pereiro no estaba llamado a ser uno de los protagonistas, de hecho el l\u00edder de su equipo era Alejandro Valverde quien debi\u00f3 abandonar por una ca\u00edda en la tercera etapa, pero gracias a esa fuga y al descuido de los dem\u00e1s equipos lo fue.&nbsp; Y al final gan\u00f3 el Tour.<\/p>\n\n\n\n<p>No podemos negar que hubo un alto componente de suerte en el triunfo de Pereiro. Si no se hubiese metido en esa fuga, o si esta hubiese sido neutralizada por los otros equipos al sentir que \u00e9l era una amenaza para la general, posiblemente hubiese pasado sin pena ni gloria. Pero adem\u00e1s de la suerte, Pereiro supo aprovechar la oportunidad. Redobl\u00f3 esfuerzos, asumi\u00f3 el rol protag\u00f3nico y supo llegar hasta Par\u00eds.<\/p>\n\n\n\n<h3 class=\"wp-block-heading\">Nuestra campa\u00f1a<\/h3>\n\n\n\n<p>Lo mismo ha sucedido en nuestra campa\u00f1a electoral. M\u00e1s que una estrategia planeada, han sido factores externos los que han marcado el rumbo de la contienda electoral y han definido a los principales candidatos.<\/p>\n\n\n\n<p>El caso por los cr\u00e9ditos al importador de cemento chino tuvo a&nbsp;<a href=\"http:\/\/www.estebanmora.com\/juan-diego-presidente-falta-mucho\/\">Juan Diego Castro<\/a>&nbsp;como una opci\u00f3n gracias a su discurso anti corrupci\u00f3n. Mientras este caso se mantuvo en la agenda medi\u00e1tica, Castro mantuvo sus opciones. Pero al desaparecer de los medios luego de que la fiscal Emilia Navas tomara el control de la investigaci\u00f3n, las opciones de Castro desaparecieron.<\/p>\n\n\n\n<p>Fabricio Alvarado no era una opci\u00f3n real a la presidencia hasta que un hecho externo lo coloc\u00f3 accidentalmente como una opci\u00f3n. La respuesta a la consulta hecha por el gobierno a la Corte Interamericana de Derechos Humanos le sirvi\u00f3 a Fabricio para dividir a la sociedad y colocarse como el l\u00edder del grupo ultra conservador.<\/p>\n\n\n\n<p>En el siguiente gr\u00e1fico se muestra como en el PTAP de la p\u00e1gina de Facebook de Fabricio Alvarado hay un antes y un despu\u00e9s de la respuesta de la Corte IDH:<\/p>\n\n\n\n<figure class=\"wp-block-image size-large\"><img loading=\"lazy\" decoding=\"async\" width=\"628\" height=\"333\" src=\"https:\/\/www.estebanmora.com\/wp-content\/uploads\/2018\/02\/Facebook-Hablando-de-talking-about-en-Elecciones-2018-CRC.png\" alt=\"PTAP de la p\u00e1gina de Facebook de Fabricio Alvarado\" class=\"wp-image-1617\" srcset=\"https:\/\/www.estebanmora.com\/wp-content\/uploads\/2018\/02\/Facebook-Hablando-de-talking-about-en-Elecciones-2018-CRC.png 628w, https:\/\/www.estebanmora.com\/wp-content\/uploads\/2018\/02\/Facebook-Hablando-de-talking-about-en-Elecciones-2018-CRC-300x159.png 300w\" sizes=\"auto, (max-width: 628px) 100vw, 628px\" \/><\/figure>\n\n\n\n<p>A Fabricio esto lo tom\u00f3 totalmente por sorpresa, a tal punto que se le vio flojo en entrevistas con los medios y se evidenci\u00f3 la falta de profundidad de su plan de gobierno y la ausencia de equipo de trabajo. Pero a tropezones ha logrado mantenerse como una opci\u00f3n.<\/p>\n\n\n\n<h3 class=\"wp-block-heading\">Carlos Alvarado<\/h3>\n\n\n\n<p>A Carlos Alvarado, candidato oficialista, la campa\u00f1a no le estaba dando resultados. El esfuerzo de su equipo creativo por hacerlo ver como el candidato de los&nbsp;<em>millennials<\/em>, en vez de ayudar, le estaba pasando factura. Carlos representaba el lado progresista con opciones en la campa\u00f1a y se esperaba que la resoluci\u00f3n de la Corte IDH le ayudara, pero la respuesta no tuvo las mismas dimensiones que las de Fabricio.<\/p>\n\n\n\n<p>Sin embargo, tambi\u00e9n un hecho externo marcar\u00eda la campa\u00f1a de Carlos Alvarado. Al ir bajo en las encuestas, Carlos hab\u00eda sido excluido de los debates de Telenoticias y Noticias Repretel, los canales con mayor audiencia. Eso hizo que los seguidores que ten\u00eda en su momento se hicieran cargo de la campa\u00f1a, se apoderaron de \u00e9l y generaron el ruido suficiente para ganar la aprobaci\u00f3n social necesaria para empezar a mover la aguja, ganar adeptos r\u00e1pidamente y lograr que fuera invitado.<\/p>\n\n\n\n<p>En el siguiente gr\u00e1fico vemos, en amarillo, c\u00f3mo la p\u00e1gina de Carlos fue ganando tracci\u00f3n gradualmente y no de golpe como en el caso de Fabricio:<\/p>\n\n\n\n<figure class=\"wp-block-image size-large\"><img loading=\"lazy\" decoding=\"async\" width=\"648\" height=\"333\" src=\"https:\/\/www.estebanmora.com\/wp-content\/uploads\/2018\/02\/Facebook-Hablando-de-talking-about-en-Elecciones-2018-CRC1.png\" alt=\"PTAP de la p\u00e1gina de Carlos Alvarado\" class=\"wp-image-1618\" srcset=\"https:\/\/www.estebanmora.com\/wp-content\/uploads\/2018\/02\/Facebook-Hablando-de-talking-about-en-Elecciones-2018-CRC1.png 648w, https:\/\/www.estebanmora.com\/wp-content\/uploads\/2018\/02\/Facebook-Hablando-de-talking-about-en-Elecciones-2018-CRC1-300x154.png 300w\" sizes=\"auto, (max-width: 648px) 100vw, 648px\" \/><\/figure>\n\n\n\n<p>Al igual que Oscar Pereiro en el Tour del 2006, Carlos y Fabricio Alvarado han sabido aprovechar el <strong>golpe de suerte<\/strong> inicial. Hicieron ajustes r\u00e1pidos a la estrategia de campa\u00f1a para aprovechar la ventaja que factores externos les hab\u00edan dado, especialmente Fabricio que no pensaba estar en esta situaci\u00f3n.<\/p>\n\n\n\n<p>A hoy, 48 horas antes de la elecci\u00f3n, son los \u00fanicos dos candidatos a los que las redes sociales les suman a la campa\u00f1a. Y al igual que Pereiro, est\u00e1n sabiendo llegar a Par\u00eds.<\/p>\n\n\n\n<h3 class=\"wp-block-heading\">\u00bfPiza y \u00c1lvarez Desanti?<\/h3>\n\n\n\n<p>La campa\u00f1a de Rodolfo Piza y la de Antonio Alvarez Desanti, los otros dos candidatos con opciones, no han tenido la misma suerte que Carlos y Fabricio Alvarado. No se han beneficiado de ning\u00fan factor externo que les sirva de empuje.<\/p>\n\n\n\n<p>Sin embargo, tampoco han sido campa\u00f1as que hayan sabido anticipar muchos de las circunstancias, y mucho menos contrarrestar las que han beneficiado a los dem\u00e1s. Siguiendo con las analog\u00edas con el Tour de Francia, dir\u00eda que ambos esperan que otro equipo tome la responsabilidad de recortar la fuga o que el l\u00edder tenga un imprevisto para ganar terreno. El problema es, \u00bfqu\u00e9 sucede si lo que esperan no llega?<\/p>\n\n\n\n<p>En fin, pase lo que pase el domingo, sea quien sea el que gane o los dos que vayan a segunda ronda, por acci\u00f3n o por falta de la misma, no hay duda de que la suerte, y no la estrategia, habr\u00e1 marcado el rumbo de esta campa\u00f1a electoral.<\/p>\n\n\n\n<hr class=\"wp-block-separator\"\/>\n\n\n\n<p>\u00bfTe pareci\u00f3 interesante? \u00a1Comparte! \u00bfNo est\u00e1s suscrito al blog? \u00a1<a href=\"https:\/\/www.estebanmora.com\/index.php\/suscripcion-lista-correo\/\">Hacelo aqu\u00ed<\/a>!<\/p>\n","protected":false},"excerpt":{"rendered":"<p>Expliquemos lo que ha sucedido con la campa\u00f1a electoral 2018 en Costa Rica como si fuera el Tour de Francia, una de mis analog\u00edas favoritas. Todos los a\u00f1os llegan al Tour 22 equipos pero no todos en igualdad de condiciones. Distintas caracter\u00edsticas, entre ellas el presupuesto, definen las expectativas de cada uno. Unos se preparan [&hellip;]<\/p>\n","protected":false},"author":1,"featured_media":1615,"comment_status":"open","ping_status":"open","sticky":false,"template":"","format":"standard","meta":{"_monsterinsights_skip_tracking":false,"_monsterinsights_sitenote_active":false,"_monsterinsights_sitenote_note":"","_monsterinsights_sitenote_category":0,"footnotes":""},"categories":[67,6,8],"tags":[87,52,60,53,30],"class_list":["post-868","post","type-post","status-publish","format-standard","has-post-thumbnail","hentry","category-elecciones","category-opinion","category-politica","tag-campana-electoral","tag-carlos-alvarado","tag-fabricio-alvarado","tag-juan-diego-castro","tag-politica","post-preview"],"aioseo_notices":[],"_links":{"self":[{"href":"https:\/\/www.estebanmora.com\/index.php\/wp-json\/wp\/v2\/posts\/868","targetHints":{"allow":["GET"]}}],"collection":[{"href":"https:\/\/www.estebanmora.com\/index.php\/wp-json\/wp\/v2\/posts"}],"about":[{"href":"https:\/\/www.estebanmora.com\/index.php\/wp-json\/wp\/v2\/types\/post"}],"author":[{"embeddable":true,"href":"https:\/\/www.estebanmora.com\/index.php\/wp-json\/wp\/v2\/users\/1"}],"replies":[{"embeddable":true,"href":"https:\/\/www.estebanmora.com\/index.php\/wp-json\/wp\/v2\/comments?post=868"}],"version-history":[{"count":20,"href":"https:\/\/www.estebanmora.com\/index.php\/wp-json\/wp\/v2\/posts\/868\/revisions"}],"predecessor-version":[{"id":1763,"href":"https:\/\/www.estebanmora.com\/index.php\/wp-json\/wp\/v2\/posts\/868\/revisions\/1763"}],"wp:featuredmedia":[{"embeddable":true,"href":"https:\/\/www.estebanmora.com\/index.php\/wp-json\/wp\/v2\/media\/1615"}],"wp:attachment":[{"href":"https:\/\/www.estebanmora.com\/index.php\/wp-json\/wp\/v2\/media?parent=868"}],"wp:term":[{"taxonomy":"category","embeddable":true,"href":"https:\/\/www.estebanmora.com\/index.php\/wp-json\/wp\/v2\/categories?post=868"},{"taxonomy":"post_tag","embeddable":true,"href":"https:\/\/www.estebanmora.com\/index.php\/wp-json\/wp\/v2\/tags?post=868"}],"curies":[{"name":"wp","href":"https:\/\/api.w.org\/{rel}","templated":true}]}}